{"id":8,"count":1,"description":"","link":"http:\/\/blayeavant.fr\/wp\/?tag=allees-du-debarcadere","name":"All\u00e9es du D\u00e9barcad\u00e8re","slug":"allees-du-debarcadere","taxonomy":"post_tag","meta":[],"_links":{"self":[{"href":"http:\/\/blayeavant.fr\/wp\/index.php?rest_route=\/wp\/v2\/tags\/8"}],"collection":[{"href":"http:\/\/blayeavant.fr\/wp\/index.php?rest_route=\/wp\/v2\/tags"}],"about":[{"href":"http:\/\/blayeavant.fr\/wp\/index.php?rest_route=\/wp\/v2\/taxonomies\/post_tag"}],"wp:post_type":[{"href":"http:\/\/blayeavant.fr\/wp\/index.php?rest_route=%2Fwp%2Fv2%2Fposts&tags=8"}],"curies":[{"name":"wp","href":"https:\/\/api.w.org\/{rel}","templated":true}]}}