{"id":54,"date":"2013-09-28T15:03:11","date_gmt":"2013-09-28T14:03:11","guid":{"rendered":"http:\/\/blayeavant.fr\/wp\/?p=54"},"modified":"2013-09-28T15:03:41","modified_gmt":"2013-09-28T14:03:41","slug":"place-de-la-citadelle-1","status":"publish","type":"post","link":"http:\/\/blayeavant.fr\/wp\/?p=54","title":{"rendered":"Place de la Citadelle &#8211; #1"},"content":{"rendered":"<p><a href=\"http:\/\/blayeavant.fr\/wp\/wp-content\/uploads\/2013\/09\/blayeplacecitadelle001mixte.jpg\" rel=\"lightbox[54]\"><img decoding=\"async\" loading=\"lazy\" class=\"alignnone size-large wp-image-55\" alt=\"blayeplacecitadelle001mixte\" src=\"http:\/\/blayeavant.fr\/wp\/wp-content\/uploads\/2013\/09\/blayeplacecitadelle001mixte-1024x326.jpg\" width=\"550\" height=\"175\" srcset=\"http:\/\/blayeavant.fr\/wp\/wp-content\/uploads\/2013\/09\/blayeplacecitadelle001mixte-1024x326.jpg 1024w, http:\/\/blayeavant.fr\/wp\/wp-content\/uploads\/2013\/09\/blayeplacecitadelle001mixte-300x95.jpg 300w\" sizes=\"(max-width: 550px) 100vw, 550px\" \/><\/a><\/p>\n<p><em><strong>Place de la Citadelle<\/strong><\/em><\/p>\n<p>La carte postale est oblit\u00e9r\u00e9e du 16 mars 1903.<br \/>\nAu verso, la mention \u00ab\u00a0Carte Postale\u00a0\u00bb est barr\u00e9e et l&rsquo;exp\u00e9diteur a indiqu\u00e9 \u00ab\u00a0Imprim\u00e9\u00a0\u00bb;\u00a0seule l&rsquo;adresse du destinataire est indiqu\u00e9e. Ainsi d\u00e9pouill\u00e9e de tout message personnel,\u00a0le co\u00fbt d&rsquo;acheminement \u00e9tait moindre, 5 centimes en 1903.<\/p>\n","protected":false},"excerpt":{"rendered":"<p>Place de la Citadelle La carte postale est oblit\u00e9r\u00e9e du 16 mars 1903. Au verso, la mention \u00ab\u00a0Carte Postale\u00a0\u00bb est barr\u00e9e et l&rsquo;exp\u00e9diteur a indiqu\u00e9 \u00ab\u00a0Imprim\u00e9\u00a0\u00bb;\u00a0seule l&rsquo;adresse du destinataire est indiqu\u00e9e. Ainsi d\u00e9pouill\u00e9e de tout message personnel,\u00a0le co\u00fbt d&rsquo;acheminement \u00e9tait moindre, 5 centimes en 1903.<\/p>\n","protected":false},"author":1,"featured_media":56,"comment_status":"open","ping_status":"open","sticky":false,"template":"","format":"standard","meta":[],"categories":[38],"tags":[12],"_links":{"self":[{"href":"http:\/\/blayeavant.fr\/wp\/index.php?rest_route=\/wp\/v2\/posts\/54"}],"collection":[{"href":"http:\/\/blayeavant.fr\/wp\/index.php?rest_route=\/wp\/v2\/posts"}],"about":[{"href":"http:\/\/blayeavant.fr\/wp\/index.php?rest_route=\/wp\/v2\/types\/post"}],"author":[{"embeddable":true,"href":"http:\/\/blayeavant.fr\/wp\/index.php?rest_route=\/wp\/v2\/users\/1"}],"replies":[{"embeddable":true,"href":"http:\/\/blayeavant.fr\/wp\/index.php?rest_route=%2Fwp%2Fv2%2Fcomments&post=54"}],"version-history":[{"count":1,"href":"http:\/\/blayeavant.fr\/wp\/index.php?rest_route=\/wp\/v2\/posts\/54\/revisions"}],"predecessor-version":[{"id":57,"href":"http:\/\/blayeavant.fr\/wp\/index.php?rest_route=\/wp\/v2\/posts\/54\/revisions\/57"}],"wp:featuredmedia":[{"embeddable":true,"href":"http:\/\/blayeavant.fr\/wp\/index.php?rest_route=\/wp\/v2\/media\/56"}],"wp:attachment":[{"href":"http:\/\/blayeavant.fr\/wp\/index.php?rest_route=%2Fwp%2Fv2%2Fmedia&parent=54"}],"wp:term":[{"taxonomy":"category","embeddable":true,"href":"http:\/\/blayeavant.fr\/wp\/index.php?rest_route=%2Fwp%2Fv2%2Fcategories&post=54"},{"taxonomy":"post_tag","embeddable":true,"href":"http:\/\/blayeavant.fr\/wp\/index.php?rest_route=%2Fwp%2Fv2%2Ftags&post=54"}],"curies":[{"name":"wp","href":"https:\/\/api.w.org\/{rel}","templated":true}]}}