{"id":26,"date":"2013-09-28T11:48:11","date_gmt":"2013-09-28T10:48:11","guid":{"rendered":"http:\/\/blayeavant.fr\/wp\/?p=26"},"modified":"2013-09-28T11:53:02","modified_gmt":"2013-09-28T10:53:02","slug":"debarcadere-1","status":"publish","type":"post","link":"http:\/\/blayeavant.fr\/wp\/?p=26","title":{"rendered":"D\u00e9barcad\u00e8re &#8211; #1"},"content":{"rendered":"<p><a href=\"http:\/\/blayeavant.fr\/wp\/wp-content\/uploads\/2013\/09\/blayedebarcadere001mixte.jpg\" rel=\"lightbox[26]\"><img decoding=\"async\" loading=\"lazy\" class=\"alignnone size-large wp-image-27\" alt=\"D\u00e9barcad\u00e8re - #1\" src=\"http:\/\/blayeavant.fr\/wp\/wp-content\/uploads\/2013\/09\/blayedebarcadere001mixte-1024x338.jpg\" width=\"440\" height=\"145\" srcset=\"http:\/\/blayeavant.fr\/wp\/wp-content\/uploads\/2013\/09\/blayedebarcadere001mixte-1024x338.jpg 1024w, http:\/\/blayeavant.fr\/wp\/wp-content\/uploads\/2013\/09\/blayedebarcadere001mixte-300x99.jpg 300w, http:\/\/blayeavant.fr\/wp\/wp-content\/uploads\/2013\/09\/blayedebarcadere001mixte-960x317.jpg 960w, http:\/\/blayeavant.fr\/wp\/wp-content\/uploads\/2013\/09\/blayedebarcadere001mixte-1600x529.jpg 1600w\" sizes=\"(max-width: 440px) 100vw, 440px\" \/><\/a><\/p>\n<p><em><strong>Les All\u00e9es du D\u00e9barcad\u00e8re<\/strong><\/em><\/p>\n<p>La carte postale est oblit\u00e9r\u00e9e du 5 septembre 1908.<\/p>\n<p>&nbsp;<\/p>\n<p>&nbsp;<\/p>\n","protected":false},"excerpt":{"rendered":"<p>Les All\u00e9es du D\u00e9barcad\u00e8re La carte postale est oblit\u00e9r\u00e9e du 5 septembre 1908. &nbsp; &nbsp;<\/p>\n","protected":false},"author":1,"featured_media":30,"comment_status":"open","ping_status":"open","sticky":false,"template":"","format":"standard","meta":[],"categories":[7],"tags":[8],"_links":{"self":[{"href":"http:\/\/blayeavant.fr\/wp\/index.php?rest_route=\/wp\/v2\/posts\/26"}],"collection":[{"href":"http:\/\/blayeavant.fr\/wp\/index.php?rest_route=\/wp\/v2\/posts"}],"about":[{"href":"http:\/\/blayeavant.fr\/wp\/index.php?rest_route=\/wp\/v2\/types\/post"}],"author":[{"embeddable":true,"href":"http:\/\/blayeavant.fr\/wp\/index.php?rest_route=\/wp\/v2\/users\/1"}],"replies":[{"embeddable":true,"href":"http:\/\/blayeavant.fr\/wp\/index.php?rest_route=%2Fwp%2Fv2%2Fcomments&post=26"}],"version-history":[{"count":1,"href":"http:\/\/blayeavant.fr\/wp\/index.php?rest_route=\/wp\/v2\/posts\/26\/revisions"}],"predecessor-version":[{"id":28,"href":"http:\/\/blayeavant.fr\/wp\/index.php?rest_route=\/wp\/v2\/posts\/26\/revisions\/28"}],"wp:featuredmedia":[{"embeddable":true,"href":"http:\/\/blayeavant.fr\/wp\/index.php?rest_route=\/wp\/v2\/media\/30"}],"wp:attachment":[{"href":"http:\/\/blayeavant.fr\/wp\/index.php?rest_route=%2Fwp%2Fv2%2Fmedia&parent=26"}],"wp:term":[{"taxonomy":"category","embeddable":true,"href":"http:\/\/blayeavant.fr\/wp\/index.php?rest_route=%2Fwp%2Fv2%2Fcategories&post=26"},{"taxonomy":"post_tag","embeddable":true,"href":"http:\/\/blayeavant.fr\/wp\/index.php?rest_route=%2Fwp%2Fv2%2Ftags&post=26"}],"curies":[{"name":"wp","href":"https:\/\/api.w.org\/{rel}","templated":true}]}}