{"id":23,"date":"2013-09-28T11:41:31","date_gmt":"2013-09-28T10:41:31","guid":{"rendered":"http:\/\/blayeavant.fr\/wp\/?p=23"},"modified":"2013-09-28T11:51:08","modified_gmt":"2013-09-28T10:51:08","slug":"cours-de-la-republique-1-2","status":"publish","type":"post","link":"http:\/\/blayeavant.fr\/wp\/?p=23","title":{"rendered":"Cours de la R\u00e9publique &#8211; #1"},"content":{"rendered":"<p><a href=\"http:\/\/blayeavant.fr\/wp\/wp-content\/uploads\/2013\/09\/blayecoursrepublique001mixte.jpg\" rel=\"lightbox[23]\"><img decoding=\"async\" loading=\"lazy\" class=\"alignnone size-large wp-image-24\" alt=\"Cours de la R\u00e9publique - #1\" src=\"http:\/\/blayeavant.fr\/wp\/wp-content\/uploads\/2013\/09\/blayecoursrepublique001mixte-1024x329.jpg\" width=\"440\" height=\"141\" srcset=\"http:\/\/blayeavant.fr\/wp\/wp-content\/uploads\/2013\/09\/blayecoursrepublique001mixte-1024x329.jpg 1024w, http:\/\/blayeavant.fr\/wp\/wp-content\/uploads\/2013\/09\/blayecoursrepublique001mixte-300x96.jpg 300w, http:\/\/blayeavant.fr\/wp\/wp-content\/uploads\/2013\/09\/blayecoursrepublique001mixte-960x308.jpg 960w, http:\/\/blayeavant.fr\/wp\/wp-content\/uploads\/2013\/09\/blayecoursrepublique001mixte-1600x514.jpg 1600w\" sizes=\"(max-width: 440px) 100vw, 440px\" \/><\/a><\/p>\n<p><em><strong>Les All\u00e9es &#8211; Les Cours de la R\u00e9publique et de La Fontaine.<\/strong><\/em><\/p>\n<p>La carte postale est oblit\u00e9r\u00e9e du 15 ao\u00fbt 1913.<\/p>\n<p>&nbsp;<\/p>\n","protected":false},"excerpt":{"rendered":"<p>Les All\u00e9es &#8211; Les Cours de la R\u00e9publique et de La Fontaine. La carte postale est oblit\u00e9r\u00e9e du 15 ao\u00fbt 1913. &nbsp;<\/p>\n","protected":false},"author":1,"featured_media":29,"comment_status":"open","ping_status":"open","sticky":false,"template":"","format":"standard","meta":[],"categories":[37],"tags":[6,2,5],"_links":{"self":[{"href":"http:\/\/blayeavant.fr\/wp\/index.php?rest_route=\/wp\/v2\/posts\/23"}],"collection":[{"href":"http:\/\/blayeavant.fr\/wp\/index.php?rest_route=\/wp\/v2\/posts"}],"about":[{"href":"http:\/\/blayeavant.fr\/wp\/index.php?rest_route=\/wp\/v2\/types\/post"}],"author":[{"embeddable":true,"href":"http:\/\/blayeavant.fr\/wp\/index.php?rest_route=\/wp\/v2\/users\/1"}],"replies":[{"embeddable":true,"href":"http:\/\/blayeavant.fr\/wp\/index.php?rest_route=%2Fwp%2Fv2%2Fcomments&post=23"}],"version-history":[{"count":1,"href":"http:\/\/blayeavant.fr\/wp\/index.php?rest_route=\/wp\/v2\/posts\/23\/revisions"}],"predecessor-version":[{"id":25,"href":"http:\/\/blayeavant.fr\/wp\/index.php?rest_route=\/wp\/v2\/posts\/23\/revisions\/25"}],"wp:featuredmedia":[{"embeddable":true,"href":"http:\/\/blayeavant.fr\/wp\/index.php?rest_route=\/wp\/v2\/media\/29"}],"wp:attachment":[{"href":"http:\/\/blayeavant.fr\/wp\/index.php?rest_route=%2Fwp%2Fv2%2Fmedia&parent=23"}],"wp:term":[{"taxonomy":"category","embeddable":true,"href":"http:\/\/blayeavant.fr\/wp\/index.php?rest_route=%2Fwp%2Fv2%2Fcategories&post=23"},{"taxonomy":"post_tag","embeddable":true,"href":"http:\/\/blayeavant.fr\/wp\/index.php?rest_route=%2Fwp%2Fv2%2Ftags&post=23"}],"curies":[{"name":"wp","href":"https:\/\/api.w.org\/{rel}","templated":true}]}}