{"id":219,"date":"2016-06-10T15:51:18","date_gmt":"2016-06-10T14:51:18","guid":{"rendered":"http:\/\/blayeavant.fr\/wp\/?p=219"},"modified":"2016-06-18T22:29:57","modified_gmt":"2016-06-18T21:29:57","slug":"citadelle-9","status":"publish","type":"post","link":"http:\/\/blayeavant.fr\/wp\/?p=219","title":{"rendered":"Citadelle &#8211; #9"},"content":{"rendered":"<p><a href=\"http:\/\/blayeavant.fr\/wp\/wp-content\/uploads\/2016\/05\/blayecitadelle009mixte.jpg\" rel=\"lightbox[219]\"><img decoding=\"async\" loading=\"lazy\" class=\"alignnone size-large wp-image-222\" src=\"http:\/\/blayeavant.fr\/wp\/wp-content\/uploads\/2016\/05\/blayecitadelle009mixte-1024x327.jpg\" alt=\"blayecitadelle009mixte\" width=\"550\" height=\"176\" srcset=\"http:\/\/blayeavant.fr\/wp\/wp-content\/uploads\/2016\/05\/blayecitadelle009mixte-1024x327.jpg 1024w, http:\/\/blayeavant.fr\/wp\/wp-content\/uploads\/2016\/05\/blayecitadelle009mixte-300x96.jpg 300w, http:\/\/blayeavant.fr\/wp\/wp-content\/uploads\/2016\/05\/blayecitadelle009mixte-768x245.jpg 768w\" sizes=\"(max-width: 550px) 100vw, 550px\" \/><\/a><\/p>\n<p><strong>Tour de l&rsquo;Eguillette\u00a0<\/strong><\/p>\n<p>Seuls quelques \u00e9l\u00e9ments des fortifications m\u00e9di\u00e9vales sont aujourd&rsquo;hui visibles dans la Citadelle de Blaye \u00a0: le ch\u00e2teau des Rudel, \u00e9pargn\u00e9 afin de servir de logis au gouverneur militaire, la Porte de Liverneuf (XIIIe si\u00e8cle) ou la Tour de l&rsquo;\u00c9guillette (XVe si\u00e8cle), tandis que deux maisons du XIIIe si\u00e8cle ont \u00e9t\u00e9 pr\u00e9serv\u00e9es. [source : <a href=\"https:\/\/fr.wikipedia.org\/wiki\/Citadelle_de_Blaye\">wikipedia<\/a>].<\/p>\n<p>&nbsp;<\/p>\n","protected":false},"excerpt":{"rendered":"<p>Tour de l&rsquo;Eguillette\u00a0 Seuls quelques \u00e9l\u00e9ments des fortifications m\u00e9di\u00e9vales sont aujourd&rsquo;hui visibles dans la Citadelle de Blaye \u00a0: le ch\u00e2teau des Rudel, \u00e9pargn\u00e9 afin de servir de logis au gouverneur militaire, la Porte de Liverneuf (XIIIe si\u00e8cle) ou la Tour de l&rsquo;\u00c9guillette (XVe si\u00e8cle), tandis que deux maisons du XIIIe si\u00e8cle ont \u00e9t\u00e9 pr\u00e9serv\u00e9es. [source [&hellip;]<\/p>\n","protected":false},"author":1,"featured_media":223,"comment_status":"open","ping_status":"open","sticky":false,"template":"","format":"standard","meta":[],"categories":[39],"tags":[9],"_links":{"self":[{"href":"http:\/\/blayeavant.fr\/wp\/index.php?rest_route=\/wp\/v2\/posts\/219"}],"collection":[{"href":"http:\/\/blayeavant.fr\/wp\/index.php?rest_route=\/wp\/v2\/posts"}],"about":[{"href":"http:\/\/blayeavant.fr\/wp\/index.php?rest_route=\/wp\/v2\/types\/post"}],"author":[{"embeddable":true,"href":"http:\/\/blayeavant.fr\/wp\/index.php?rest_route=\/wp\/v2\/users\/1"}],"replies":[{"embeddable":true,"href":"http:\/\/blayeavant.fr\/wp\/index.php?rest_route=%2Fwp%2Fv2%2Fcomments&post=219"}],"version-history":[{"count":1,"href":"http:\/\/blayeavant.fr\/wp\/index.php?rest_route=\/wp\/v2\/posts\/219\/revisions"}],"predecessor-version":[{"id":224,"href":"http:\/\/blayeavant.fr\/wp\/index.php?rest_route=\/wp\/v2\/posts\/219\/revisions\/224"}],"wp:featuredmedia":[{"embeddable":true,"href":"http:\/\/blayeavant.fr\/wp\/index.php?rest_route=\/wp\/v2\/media\/223"}],"wp:attachment":[{"href":"http:\/\/blayeavant.fr\/wp\/index.php?rest_route=%2Fwp%2Fv2%2Fmedia&parent=219"}],"wp:term":[{"taxonomy":"category","embeddable":true,"href":"http:\/\/blayeavant.fr\/wp\/index.php?rest_route=%2Fwp%2Fv2%2Fcategories&post=219"},{"taxonomy":"post_tag","embeddable":true,"href":"http:\/\/blayeavant.fr\/wp\/index.php?rest_route=%2Fwp%2Fv2%2Ftags&post=219"}],"curies":[{"name":"wp","href":"https:\/\/api.w.org\/{rel}","templated":true}]}}