{"id":216,"date":"2016-05-28T09:11:45","date_gmt":"2016-05-28T08:11:45","guid":{"rendered":"http:\/\/blayeavant.fr\/wp\/?p=216"},"modified":"2016-06-18T22:29:44","modified_gmt":"2016-06-18T21:29:44","slug":"palais-de-justice-1","status":"publish","type":"post","link":"http:\/\/blayeavant.fr\/wp\/?p=216","title":{"rendered":"Palais de Justice &#8211; #1"},"content":{"rendered":"<p><a href=\"http:\/\/blayeavant.fr\/wp\/wp-content\/uploads\/2016\/05\/blayepalaisdejustice001mixte.jpg\" rel=\"lightbox[216]\"><img decoding=\"async\" loading=\"lazy\" class=\"alignnone size-large wp-image-217\" src=\"http:\/\/blayeavant.fr\/wp\/wp-content\/uploads\/2016\/05\/blayepalaisdejustice001mixte-1024x324.jpg\" alt=\"blayepalaisdejustice001mixte\" width=\"550\" height=\"174\" srcset=\"http:\/\/blayeavant.fr\/wp\/wp-content\/uploads\/2016\/05\/blayepalaisdejustice001mixte-1024x324.jpg 1024w, http:\/\/blayeavant.fr\/wp\/wp-content\/uploads\/2016\/05\/blayepalaisdejustice001mixte-300x95.jpg 300w, http:\/\/blayeavant.fr\/wp\/wp-content\/uploads\/2016\/05\/blayepalaisdejustice001mixte-768x243.jpg 768w\" sizes=\"(max-width: 550px) 100vw, 550px\" \/><\/a><\/p>\n<p><strong>Palais de Justice<\/strong><\/p>\n<p>Construit \u00e0 quelques pas de la sous-pr\u00e9fecture, dans une des art\u00e8res principales de la ville (rue Andr\u00e9 Lamand\u00e9), le palais de justice de Blaye pr\u00e9sente une fa\u00e7ade n\u00e9oclassique d\u00e9pourvue d\u2019ornement.<\/p>\n<p>La premi\u00e8re pierre est pos\u00e9e par le sous-pr\u00e9fet le 26 ao\u00fbt 1841 et le tribunal ouvre trois ans plus tard. Suite \u00e0 la r\u00e9forme de la carte judiciaire, il sera ferm\u00e9 en 2008.<\/p>\n<p>La b\u00e2timent s\u2019\u00e9l\u00e8ve sur une terrasse \u00e0 laquelle on acc\u00e8de par un degr\u00e9 droit rentrant. La fa\u00e7ade principale, flanqu\u00e9e de deux petites ailes en retour, est d\u2019une absolue sobri\u00e9t\u00e9 : seule la porte d\u2019entr\u00e9e surmont\u00e9e d\u2019un fronton triangulaire, y est perc\u00e9e. En effet, comme pour beaucoup de palais de justice, cette architecture \u00e9voque celle d\u2019un temple. Les b\u00e2timents s\u2019\u00e9tendent vers l\u2019arri\u00e8re, et ne montrent au passant que cette fa\u00e7ade solennelle, faite pour inspirer le respect.<\/p>\n<p>Le palais de justice abrite aujourd\u2019hui le greffe du tribunal de commerce et le tribunal d\u2019instance. Depuis 1792, le tribunal de commerce de Blaye a eu cinquante deux pr\u00e9sidents. [source :\u00a0<a href=\"http:\/\/visites.aquitaine.fr\/palais-de-justice-de-blaye\">http:\/\/visites.aquitaine.fr\/palais-de-justice-de-blaye<\/a>]<\/p>\n","protected":false},"excerpt":{"rendered":"<p>Palais de Justice Construit \u00e0 quelques pas de la sous-pr\u00e9fecture, dans une des art\u00e8res principales de la ville (rue Andr\u00e9 Lamand\u00e9), le palais de justice de Blaye pr\u00e9sente une fa\u00e7ade n\u00e9oclassique d\u00e9pourvue d\u2019ornement. La premi\u00e8re pierre est pos\u00e9e par le sous-pr\u00e9fet le 26 ao\u00fbt 1841 et le tribunal ouvre trois ans plus tard. Suite \u00e0 [&hellip;]<\/p>\n","protected":false},"author":1,"featured_media":221,"comment_status":"open","ping_status":"open","sticky":false,"template":"","format":"standard","meta":[],"categories":[49],"tags":[51],"_links":{"self":[{"href":"http:\/\/blayeavant.fr\/wp\/index.php?rest_route=\/wp\/v2\/posts\/216"}],"collection":[{"href":"http:\/\/blayeavant.fr\/wp\/index.php?rest_route=\/wp\/v2\/posts"}],"about":[{"href":"http:\/\/blayeavant.fr\/wp\/index.php?rest_route=\/wp\/v2\/types\/post"}],"author":[{"embeddable":true,"href":"http:\/\/blayeavant.fr\/wp\/index.php?rest_route=\/wp\/v2\/users\/1"}],"replies":[{"embeddable":true,"href":"http:\/\/blayeavant.fr\/wp\/index.php?rest_route=%2Fwp%2Fv2%2Fcomments&post=216"}],"version-history":[{"count":1,"href":"http:\/\/blayeavant.fr\/wp\/index.php?rest_route=\/wp\/v2\/posts\/216\/revisions"}],"predecessor-version":[{"id":218,"href":"http:\/\/blayeavant.fr\/wp\/index.php?rest_route=\/wp\/v2\/posts\/216\/revisions\/218"}],"wp:featuredmedia":[{"embeddable":true,"href":"http:\/\/blayeavant.fr\/wp\/index.php?rest_route=\/wp\/v2\/media\/221"}],"wp:attachment":[{"href":"http:\/\/blayeavant.fr\/wp\/index.php?rest_route=%2Fwp%2Fv2%2Fmedia&parent=216"}],"wp:term":[{"taxonomy":"category","embeddable":true,"href":"http:\/\/blayeavant.fr\/wp\/index.php?rest_route=%2Fwp%2Fv2%2Fcategories&post=216"},{"taxonomy":"post_tag","embeddable":true,"href":"http:\/\/blayeavant.fr\/wp\/index.php?rest_route=%2Fwp%2Fv2%2Ftags&post=216"}],"curies":[{"name":"wp","href":"https:\/\/api.w.org\/{rel}","templated":true}]}}