{"id":212,"date":"2016-06-05T19:24:29","date_gmt":"2016-06-05T18:24:29","guid":{"rendered":"http:\/\/blayeavant.fr\/wp\/?p=212"},"modified":"2016-06-18T22:29:51","modified_gmt":"2016-06-18T21:29:51","slug":"citadelle-8","status":"publish","type":"post","link":"http:\/\/blayeavant.fr\/wp\/?p=212","title":{"rendered":"Citadelle &#8211; #8"},"content":{"rendered":"<p><a href=\"http:\/\/blayeavant.fr\/wp\/wp-content\/uploads\/2016\/05\/blayecitadelle008mixte.jpg\" rel=\"lightbox[212]\"><img decoding=\"async\" loading=\"lazy\" class=\"alignnone size-large wp-image-213\" src=\"http:\/\/blayeavant.fr\/wp\/wp-content\/uploads\/2016\/05\/blayecitadelle008mixte-1024x327.jpg\" alt=\"blayecitadelle008mixte\" width=\"550\" height=\"176\" srcset=\"http:\/\/blayeavant.fr\/wp\/wp-content\/uploads\/2016\/05\/blayecitadelle008mixte-1024x327.jpg 1024w, http:\/\/blayeavant.fr\/wp\/wp-content\/uploads\/2016\/05\/blayecitadelle008mixte-300x96.jpg 300w, http:\/\/blayeavant.fr\/wp\/wp-content\/uploads\/2016\/05\/blayecitadelle008mixte-768x245.jpg 768w\" sizes=\"(max-width: 550px) 100vw, 550px\" \/><\/a><\/p>\n<p><strong>L&rsquo;Infirmerie (Porte Royale)<\/strong><\/p>\n<p>La Porte Royale a \u00e9t\u00e9 r\u00e9alis\u00e9e en 1685, elle est l&rsquo;un des deux acc\u00e8s \u00e0 la citadelle. La sophistication de son syst\u00e8me de d\u00e9fense en fait l&rsquo;une des r\u00e9alisations majeures de Vauban : deux ponts-dormants, une demi-lune, une poivri\u00e8re et un vestibule de forme ovo\u00efde barr\u00e9 par deux ponts-levis \u00e9taient con\u00e7us pour prot\u00e9ger la porte d&rsquo;\u00e9ventuelles vell\u00e9it\u00e9s ennemies. [source : <a href=\"https:\/\/fr.wikipedia.org\/wiki\/Citadelle_de_Blaye\">wikipedia<\/a>]<\/p>\n","protected":false},"excerpt":{"rendered":"<p>L&rsquo;Infirmerie (Porte Royale) La Porte Royale a \u00e9t\u00e9 r\u00e9alis\u00e9e en 1685, elle est l&rsquo;un des deux acc\u00e8s \u00e0 la citadelle. La sophistication de son syst\u00e8me de d\u00e9fense en fait l&rsquo;une des r\u00e9alisations majeures de Vauban : deux ponts-dormants, une demi-lune, une poivri\u00e8re et un vestibule de forme ovo\u00efde barr\u00e9 par deux ponts-levis \u00e9taient con\u00e7us pour [&hellip;]<\/p>\n","protected":false},"author":1,"featured_media":215,"comment_status":"open","ping_status":"open","sticky":false,"template":"","format":"standard","meta":[],"categories":[39],"tags":[9],"_links":{"self":[{"href":"http:\/\/blayeavant.fr\/wp\/index.php?rest_route=\/wp\/v2\/posts\/212"}],"collection":[{"href":"http:\/\/blayeavant.fr\/wp\/index.php?rest_route=\/wp\/v2\/posts"}],"about":[{"href":"http:\/\/blayeavant.fr\/wp\/index.php?rest_route=\/wp\/v2\/types\/post"}],"author":[{"embeddable":true,"href":"http:\/\/blayeavant.fr\/wp\/index.php?rest_route=\/wp\/v2\/users\/1"}],"replies":[{"embeddable":true,"href":"http:\/\/blayeavant.fr\/wp\/index.php?rest_route=%2Fwp%2Fv2%2Fcomments&post=212"}],"version-history":[{"count":1,"href":"http:\/\/blayeavant.fr\/wp\/index.php?rest_route=\/wp\/v2\/posts\/212\/revisions"}],"predecessor-version":[{"id":214,"href":"http:\/\/blayeavant.fr\/wp\/index.php?rest_route=\/wp\/v2\/posts\/212\/revisions\/214"}],"wp:featuredmedia":[{"embeddable":true,"href":"http:\/\/blayeavant.fr\/wp\/index.php?rest_route=\/wp\/v2\/media\/215"}],"wp:attachment":[{"href":"http:\/\/blayeavant.fr\/wp\/index.php?rest_route=%2Fwp%2Fv2%2Fmedia&parent=212"}],"wp:term":[{"taxonomy":"category","embeddable":true,"href":"http:\/\/blayeavant.fr\/wp\/index.php?rest_route=%2Fwp%2Fv2%2Fcategories&post=212"},{"taxonomy":"post_tag","embeddable":true,"href":"http:\/\/blayeavant.fr\/wp\/index.php?rest_route=%2Fwp%2Fv2%2Ftags&post=212"}],"curies":[{"name":"wp","href":"https:\/\/api.w.org\/{rel}","templated":true}]}}