{"id":105,"date":"2013-10-05T17:49:52","date_gmt":"2013-10-05T16:49:52","guid":{"rendered":"http:\/\/blayeavant.fr\/wp\/?p=105"},"modified":"2013-10-05T17:52:51","modified_gmt":"2013-10-05T16:52:51","slug":"citadelle-2","status":"publish","type":"post","link":"http:\/\/blayeavant.fr\/wp\/?p=105","title":{"rendered":"Citadelle &#8211; #2"},"content":{"rendered":"<p><a href=\"http:\/\/blayeavant.fr\/wp\/wp-content\/uploads\/2013\/10\/blayecitadelle002mixte.jpg\" rel=\"lightbox[105]\"><img decoding=\"async\" loading=\"lazy\" class=\"alignnone size-large wp-image-106\" alt=\"blayecitadelle002mixte\" src=\"http:\/\/blayeavant.fr\/wp\/wp-content\/uploads\/2013\/10\/blayecitadelle002mixte-1024x332.jpg\" width=\"550\" height=\"178\" srcset=\"http:\/\/blayeavant.fr\/wp\/wp-content\/uploads\/2013\/10\/blayecitadelle002mixte-1024x332.jpg 1024w, http:\/\/blayeavant.fr\/wp\/wp-content\/uploads\/2013\/10\/blayecitadelle002mixte-300x97.jpg 300w\" sizes=\"(max-width: 550px) 100vw, 550px\" \/><\/a><\/p>\n<p>&nbsp;<\/p>\n<p><em><strong>Blaye &#8211; Entr\u00e9e principale de la Citadelle<\/strong><\/em><\/p>\n<p>Carte postale oblit\u00e9r\u00e9e le 14\/05\/1911<\/p>\n","protected":false},"excerpt":{"rendered":"<p>&nbsp; Blaye &#8211; Entr\u00e9e principale de la Citadelle Carte postale oblit\u00e9r\u00e9e le 14\/05\/1911<\/p>\n","protected":false},"author":1,"featured_media":107,"comment_status":"open","ping_status":"open","sticky":false,"template":"","format":"standard","meta":[],"categories":[39],"tags":[9,17,16],"_links":{"self":[{"href":"http:\/\/blayeavant.fr\/wp\/index.php?rest_route=\/wp\/v2\/posts\/105"}],"collection":[{"href":"http:\/\/blayeavant.fr\/wp\/index.php?rest_route=\/wp\/v2\/posts"}],"about":[{"href":"http:\/\/blayeavant.fr\/wp\/index.php?rest_route=\/wp\/v2\/types\/post"}],"author":[{"embeddable":true,"href":"http:\/\/blayeavant.fr\/wp\/index.php?rest_route=\/wp\/v2\/users\/1"}],"replies":[{"embeddable":true,"href":"http:\/\/blayeavant.fr\/wp\/index.php?rest_route=%2Fwp%2Fv2%2Fcomments&post=105"}],"version-history":[{"count":1,"href":"http:\/\/blayeavant.fr\/wp\/index.php?rest_route=\/wp\/v2\/posts\/105\/revisions"}],"predecessor-version":[{"id":108,"href":"http:\/\/blayeavant.fr\/wp\/index.php?rest_route=\/wp\/v2\/posts\/105\/revisions\/108"}],"wp:featuredmedia":[{"embeddable":true,"href":"http:\/\/blayeavant.fr\/wp\/index.php?rest_route=\/wp\/v2\/media\/107"}],"wp:attachment":[{"href":"http:\/\/blayeavant.fr\/wp\/index.php?rest_route=%2Fwp%2Fv2%2Fmedia&parent=105"}],"wp:term":[{"taxonomy":"category","embeddable":true,"href":"http:\/\/blayeavant.fr\/wp\/index.php?rest_route=%2Fwp%2Fv2%2Fcategories&post=105"},{"taxonomy":"post_tag","embeddable":true,"href":"http:\/\/blayeavant.fr\/wp\/index.php?rest_route=%2Fwp%2Fv2%2Ftags&post=105"}],"curies":[{"name":"wp","href":"https:\/\/api.w.org\/{rel}","templated":true}]}}